{"id":8598,"date":"2026-04-24T08:00:37","date_gmt":"2026-04-24T06:00:37","guid":{"rendered":"https:\/\/www.saefte-vom-bodensee.de\/schloer\/?p=8598"},"modified":"2026-04-24T08:09:44","modified_gmt":"2026-04-24T06:09:44","slug":"fit-in-den-fruehling","status":"publish","type":"post","link":"https:\/\/www.saefte-vom-bodensee.de\/schloer\/blog\/2026\/04\/24\/fit-in-den-fruehling\/","title":{"rendered":"Fruchtig frisch in den Fr\u00fchling"},"content":{"rendered":"\t\t<div data-elementor-type=\"wp-post\" data-elementor-id=\"8598\" class=\"elementor elementor-8598\" data-elementor-post-type=\"post\">\n\t\t\t\t\t\t<section class=\"elementor-section elementor-top-section elementor-element elementor-element-53a5014 elementor-section-boxed elementor-section-height-default elementor-section-height-default\" data-id=\"53a5014\" data-element_type=\"section\" data-e-type=\"section\">\n\t\t\t\t\t\t<div class=\"elementor-container elementor-column-gap-default\">\n\t\t\t\t\t<div class=\"elementor-column elementor-col-100 elementor-top-column elementor-element elementor-element-2798a53\" data-id=\"2798a53\" data-element_type=\"column\" data-e-type=\"column\">\n\t\t\t<div class=\"elementor-widget-wrap elementor-element-populated\">\n\t\t\t\t\t\t<div class=\"elementor-element elementor-element-b5514a7 elementor-widget elementor-widget-text-editor\" data-id=\"b5514a7\" data-element_type=\"widget\" data-e-type=\"widget\" data-widget_type=\"text-editor.default\">\n\t\t\t\t<div class=\"elementor-widget-container\">\n\t\t\t\t\t\t\t\t\t<p>Der Fr\u00fchling ist da und l\u00e4sst mit den ersten hei\u00dfen Tagen bereits den Sommer ahnen. <br \/>Da steigt die Lust auf frische Gen\u00fcsse und die Motivation, wieder ein wenig mehr auf sein Wohlbefinden zu achten.<br \/><br \/>Die vitaminreichen S\u00e4fte von Schl\u00f6r sind daf\u00fcr eine echte Empfehlung. <br \/><br \/>Schl\u00f6r Pink Grapefruit, Schl\u00f6r Orange, Schl\u00f6r Johannisbeere, Schl\u00f6r Cranberry und andere fruchtige Spezialit\u00e4ten f\u00fcllen die Gl\u00e4ser mit frischen Vitaminen und verw\u00f6hnen die Geschmackssinne.<br \/><br \/>Also wecken Sie Ihre Fr\u00fchlingsgef\u00fchle mit Stil, und verlieben Sie sich neu in eine der vielen exquisiten Fruchtsaft-Spezialit\u00e4ten von Schl\u00f6r!<\/p>\t\t\t\t\t\t\t\t<\/div>\n\t\t\t\t<\/div>\n\t\t\t\t\t<\/div>\n\t\t<\/div>\n\t\t\t\t\t<\/div>\n\t\t<\/section>\n\t\t\t\t<\/div>\n\t\t","protected":false},"excerpt":{"rendered":"<p>Der Fr\u00fchling ist da und l\u00e4sst mit den ersten hei\u00dfen Tagen bereits den Sommer ahnen. Da steigt die Lust auf frische Gen\u00fcsse und die Motivation,&#8230;<\/p>\n","protected":false},"author":1,"featured_media":8607,"comment_status":"closed","ping_status":"closed","sticky":false,"template":"","format":"standard","meta":{"footnotes":""},"categories":[1],"tags":[],"class_list":["post-8598","post","type-post","status-publish","format-standard","has-post-thumbnail","hentry","category-allgemein"],"yoast_head":"<!-- This site is optimized with the Yoast SEO plugin v27.4 - https:\/\/yoast.com\/product\/yoast-seo-wordpress\/ -->\n<title>Fruchtig frisch in den Fr\u00fchling - Schl\u00f6r<\/title>\n<meta name=\"robots\" content=\"index, follow, max-snippet:-1, max-image-preview:large, max-video-preview:-1\" \/>\n<link rel=\"canonical\" href=\"https:\/\/www.saefte-vom-bodensee.de\/schloer\/blog\/2026\/04\/24\/fit-in-den-fruehling\/\" \/>\n<meta property=\"og:locale\" content=\"de_DE\" \/>\n<meta property=\"og:type\" content=\"article\" \/>\n<meta property=\"og:title\" content=\"Fruchtig frisch in den Fr\u00fchling - Schl\u00f6r\" \/>\n<meta property=\"og:description\" content=\"Der Fr\u00fchling ist da und l\u00e4sst mit den ersten hei\u00dfen Tagen bereits den Sommer ahnen. Da steigt die Lust auf frische Gen\u00fcsse und die Motivation,...\" \/>\n<meta property=\"og:url\" content=\"https:\/\/www.saefte-vom-bodensee.de\/schloer\/blog\/2026\/04\/24\/fit-in-den-fruehling\/\" \/>\n<meta property=\"og:site_name\" content=\"Schl\u00f6r\" \/>\n<meta property=\"article:published_time\" content=\"2026-04-24T06:00:37+00:00\" \/>\n<meta property=\"article:modified_time\" content=\"2026-04-24T06:09:44+00:00\" \/>\n<meta property=\"og:image\" content=\"https:\/\/www.saefte-vom-bodensee.de\/schloer\/wp-content\/uploads\/sites\/4\/2024\/04\/2424024_SLR_Website_Newsbeitrag_Fruehling_v1.jpeg\" \/>\n\t<meta property=\"og:image:width\" content=\"1200\" \/>\n\t<meta property=\"og:image:height\" content=\"1200\" \/>\n\t<meta property=\"og:image:type\" content=\"image\/jpeg\" \/>\n<meta name=\"author\" content=\"bapadmin\" \/>\n<meta name=\"twitter:card\" content=\"summary_large_image\" \/>\n<meta name=\"twitter:label1\" content=\"Verfasst von\" \/>\n\t<meta name=\"twitter:data1\" content=\"bapadmin\" \/>\n\t<meta name=\"twitter:label2\" content=\"Gesch\u00e4tzte Lesezeit\" \/>\n\t<meta name=\"twitter:data2\" content=\"1\u00a0Minute\" \/>\n<!-- \/ Yoast SEO plugin. -->","yoast_head_json":{"title":"Fruchtig frisch in den Fr\u00fchling - Schl\u00f6r","robots":{"index":"index","follow":"follow","max-snippet":"max-snippet:-1","max-image-preview":"max-image-preview:large","max-video-preview":"max-video-preview:-1"},"canonical":"https:\/\/www.saefte-vom-bodensee.de\/schloer\/blog\/2026\/04\/24\/fit-in-den-fruehling\/","og_locale":"de_DE","og_type":"article","og_title":"Fruchtig frisch in den Fr\u00fchling - Schl\u00f6r","og_description":"Der Fr\u00fchling ist da und l\u00e4sst mit den ersten hei\u00dfen Tagen bereits den Sommer ahnen. Da steigt die Lust auf frische Gen\u00fcsse und die Motivation,...","og_url":"https:\/\/www.saefte-vom-bodensee.de\/schloer\/blog\/2026\/04\/24\/fit-in-den-fruehling\/","og_site_name":"Schl\u00f6r","article_published_time":"2026-04-24T06:00:37+00:00","article_modified_time":"2026-04-24T06:09:44+00:00","og_image":[{"width":1200,"height":1200,"url":"https:\/\/www.saefte-vom-bodensee.de\/schloer\/wp-content\/uploads\/sites\/4\/2024\/04\/2424024_SLR_Website_Newsbeitrag_Fruehling_v1.jpeg","type":"image\/jpeg"}],"author":"bapadmin","twitter_card":"summary_large_image","twitter_misc":{"Verfasst von":"bapadmin","Gesch\u00e4tzte Lesezeit":"1\u00a0Minute"},"schema":{"@context":"https:\/\/schema.org","@graph":[{"@type":"Article","@id":"https:\/\/www.saefte-vom-bodensee.de\/schloer\/blog\/2026\/04\/24\/fit-in-den-fruehling\/#article","isPartOf":{"@id":"https:\/\/www.saefte-vom-bodensee.de\/schloer\/blog\/2026\/04\/24\/fit-in-den-fruehling\/"},"author":{"name":"bapadmin","@id":"https:\/\/www.saefte-vom-bodensee.de\/schloer\/#\/schema\/person\/ceb8597f628925829ea017b0e36240df"},"headline":"Fruchtig frisch in den Fr\u00fchling","datePublished":"2026-04-24T06:00:37+00:00","dateModified":"2026-04-24T06:09:44+00:00","mainEntityOfPage":{"@id":"https:\/\/www.saefte-vom-bodensee.de\/schloer\/blog\/2026\/04\/24\/fit-in-den-fruehling\/"},"wordCount":112,"publisher":{"@id":"https:\/\/www.saefte-vom-bodensee.de\/schloer\/#organization"},"image":{"@id":"https:\/\/www.saefte-vom-bodensee.de\/schloer\/blog\/2026\/04\/24\/fit-in-den-fruehling\/#primaryimage"},"thumbnailUrl":"https:\/\/www.saefte-vom-bodensee.de\/schloer\/wp-content\/uploads\/sites\/4\/2024\/04\/2424024_SLR_Website_Newsbeitrag_Fruehling_v1.jpeg","inLanguage":"de"},{"@type":"WebPage","@id":"https:\/\/www.saefte-vom-bodensee.de\/schloer\/blog\/2026\/04\/24\/fit-in-den-fruehling\/","url":"https:\/\/www.saefte-vom-bodensee.de\/schloer\/blog\/2026\/04\/24\/fit-in-den-fruehling\/","name":"Fruchtig frisch in den Fr\u00fchling - Schl\u00f6r","isPartOf":{"@id":"https:\/\/www.saefte-vom-bodensee.de\/schloer\/#website"},"primaryImageOfPage":{"@id":"https:\/\/www.saefte-vom-bodensee.de\/schloer\/blog\/2026\/04\/24\/fit-in-den-fruehling\/#primaryimage"},"image":{"@id":"https:\/\/www.saefte-vom-bodensee.de\/schloer\/blog\/2026\/04\/24\/fit-in-den-fruehling\/#primaryimage"},"thumbnailUrl":"https:\/\/www.saefte-vom-bodensee.de\/schloer\/wp-content\/uploads\/sites\/4\/2024\/04\/2424024_SLR_Website_Newsbeitrag_Fruehling_v1.jpeg","datePublished":"2026-04-24T06:00:37+00:00","dateModified":"2026-04-24T06:09:44+00:00","breadcrumb":{"@id":"https:\/\/www.saefte-vom-bodensee.de\/schloer\/blog\/2026\/04\/24\/fit-in-den-fruehling\/#breadcrumb"},"inLanguage":"de","potentialAction":[{"@type":"ReadAction","target":["https:\/\/www.saefte-vom-bodensee.de\/schloer\/blog\/2026\/04\/24\/fit-in-den-fruehling\/"]}]},{"@type":"ImageObject","inLanguage":"de","@id":"https:\/\/www.saefte-vom-bodensee.de\/schloer\/blog\/2026\/04\/24\/fit-in-den-fruehling\/#primaryimage","url":"https:\/\/www.saefte-vom-bodensee.de\/schloer\/wp-content\/uploads\/sites\/4\/2024\/04\/2424024_SLR_Website_Newsbeitrag_Fruehling_v1.jpeg","contentUrl":"https:\/\/www.saefte-vom-bodensee.de\/schloer\/wp-content\/uploads\/sites\/4\/2024\/04\/2424024_SLR_Website_Newsbeitrag_Fruehling_v1.jpeg","width":1200,"height":1200,"caption":"Fit in den Fr\u00fchling Beitrag"},{"@type":"BreadcrumbList","@id":"https:\/\/www.saefte-vom-bodensee.de\/schloer\/blog\/2026\/04\/24\/fit-in-den-fruehling\/#breadcrumb","itemListElement":[{"@type":"ListItem","position":1,"name":"Startseite","item":"https:\/\/www.saefte-vom-bodensee.de\/schloer\/"},{"@type":"ListItem","position":2,"name":"Fruchtig frisch in den Fr\u00fchling"}]},{"@type":"WebSite","@id":"https:\/\/www.saefte-vom-bodensee.de\/schloer\/#website","url":"https:\/\/www.saefte-vom-bodensee.de\/schloer\/","name":"Schl\u00f6r","description":"","publisher":{"@id":"https:\/\/www.saefte-vom-bodensee.de\/schloer\/#organization"},"potentialAction":[{"@type":"SearchAction","target":{"@type":"EntryPoint","urlTemplate":"https:\/\/www.saefte-vom-bodensee.de\/schloer\/?s={search_term_string}"},"query-input":{"@type":"PropertyValueSpecification","valueRequired":true,"valueName":"search_term_string"}}],"inLanguage":"de"},{"@type":"Organization","@id":"https:\/\/www.saefte-vom-bodensee.de\/schloer\/#organization","name":"Schl\u00f6r","url":"https:\/\/www.saefte-vom-bodensee.de\/schloer\/","logo":{"@type":"ImageObject","inLanguage":"de","@id":"https:\/\/www.saefte-vom-bodensee.de\/schloer\/#\/schema\/logo\/image\/","url":"https:\/\/www.saefte-vom-bodensee.de\/schloer\/wp-content\/uploads\/sites\/4\/2021\/10\/schloer-logo-dunkel.png","contentUrl":"https:\/\/www.saefte-vom-bodensee.de\/schloer\/wp-content\/uploads\/sites\/4\/2021\/10\/schloer-logo-dunkel.png","width":280,"height":224,"caption":"Schl\u00f6r"},"image":{"@id":"https:\/\/www.saefte-vom-bodensee.de\/schloer\/#\/schema\/logo\/image\/"}},{"@type":"Person","@id":"https:\/\/www.saefte-vom-bodensee.de\/schloer\/#\/schema\/person\/ceb8597f628925829ea017b0e36240df","name":"bapadmin","image":{"@type":"ImageObject","inLanguage":"de","@id":"https:\/\/www.saefte-vom-bodensee.de\/schloer\/wp-content\/wphb-cache\/gravatar\/0c3\/0c3814195febe2aaaff94c4b22f76ac8x96.jpg","url":"https:\/\/www.saefte-vom-bodensee.de\/schloer\/wp-content\/wphb-cache\/gravatar\/0c3\/0c3814195febe2aaaff94c4b22f76ac8x96.jpg","contentUrl":"https:\/\/www.saefte-vom-bodensee.de\/schloer\/wp-content\/wphb-cache\/gravatar\/0c3\/0c3814195febe2aaaff94c4b22f76ac8x96.jpg","caption":"bapadmin"},"sameAs":["https:\/\/svb.bap.cc"],"url":"https:\/\/www.saefte-vom-bodensee.de\/schloer\/blog\/author\/bapadmin\/"}]}},"acf":[],"_links":{"self":[{"href":"https:\/\/www.saefte-vom-bodensee.de\/schloer\/wp-json\/wp\/v2\/posts\/8598","targetHints":{"allow":["GET"]}}],"collection":[{"href":"https:\/\/www.saefte-vom-bodensee.de\/schloer\/wp-json\/wp\/v2\/posts"}],"about":[{"href":"https:\/\/www.saefte-vom-bodensee.de\/schloer\/wp-json\/wp\/v2\/types\/post"}],"author":[{"embeddable":true,"href":"https:\/\/www.saefte-vom-bodensee.de\/schloer\/wp-json\/wp\/v2\/users\/1"}],"replies":[{"embeddable":true,"href":"https:\/\/www.saefte-vom-bodensee.de\/schloer\/wp-json\/wp\/v2\/comments?post=8598"}],"version-history":[{"count":0,"href":"https:\/\/www.saefte-vom-bodensee.de\/schloer\/wp-json\/wp\/v2\/posts\/8598\/revisions"}],"wp:featuredmedia":[{"embeddable":true,"href":"https:\/\/www.saefte-vom-bodensee.de\/schloer\/wp-json\/wp\/v2\/media\/8607"}],"wp:attachment":[{"href":"https:\/\/www.saefte-vom-bodensee.de\/schloer\/wp-json\/wp\/v2\/media?parent=8598"}],"wp:term":[{"taxonomy":"category","embeddable":true,"href":"https:\/\/www.saefte-vom-bodensee.de\/schloer\/wp-json\/wp\/v2\/categories?post=8598"},{"taxonomy":"post_tag","embeddable":true,"href":"https:\/\/www.saefte-vom-bodensee.de\/schloer\/wp-json\/wp\/v2\/tags?post=8598"}],"curies":[{"name":"wp","href":"https:\/\/api.w.org\/{rel}","templated":true}]}}