{"id":8459,"date":"2026-03-15T10:38:02","date_gmt":"2026-03-15T09:38:02","guid":{"rendered":"https:\/\/www.saefte-vom-bodensee.de\/schloer\/?p=8459"},"modified":"2026-04-24T08:11:09","modified_gmt":"2026-04-24T06:11:09","slug":"die-grand-crus-vom-bodensee","status":"publish","type":"post","link":"https:\/\/www.saefte-vom-bodensee.de\/schloer\/blog\/2026\/03\/15\/die-grand-crus-vom-bodensee\/","title":{"rendered":"Die Grand Crus vom Bodensee"},"content":{"rendered":"\t\t<div data-elementor-type=\"wp-post\" data-elementor-id=\"8459\" class=\"elementor elementor-8459\" data-elementor-post-type=\"post\">\n\t\t\t\t\t\t<section class=\"elementor-section elementor-top-section elementor-element elementor-element-9edd1e9 elementor-section-boxed elementor-section-height-default elementor-section-height-default\" data-id=\"9edd1e9\" data-element_type=\"section\" data-e-type=\"section\">\n\t\t\t\t\t\t<div class=\"elementor-container elementor-column-gap-default\">\n\t\t\t\t\t<div class=\"elementor-column elementor-col-100 elementor-top-column elementor-element elementor-element-b51321a\" data-id=\"b51321a\" data-element_type=\"column\" data-e-type=\"column\">\n\t\t\t<div class=\"elementor-widget-wrap elementor-element-populated\">\n\t\t\t\t\t\t<div class=\"elementor-element elementor-element-0435a62 elementor-widget elementor-widget-text-editor\" data-id=\"0435a62\" data-element_type=\"widget\" data-e-type=\"widget\" data-widget_type=\"text-editor.default\">\n\t\t\t\t<div class=\"elementor-widget-container\">\n\t\t\t\t\t\t\t\t\t<p>Schl\u00f6r setzt dem Most die Krone auf und<br \/>keltert das regionale Traditionsgetr\u00e4nk mit besonderem Anspruch.<\/p><p><br \/>Wo Obst angebaut wird, hat sich \u00fcber die Jahrhunderte auch das Keltern der<br \/>Fr\u00fcchte zu Obstwein und Most entwickelt. So auch am Bodensee, dem wohl<br \/>ber\u00fchmtesten Anbaugebiet Deutschlands.<\/p><p><br \/>Die Kellermeister von Schl\u00f6r keltern hier aus \u00c4pfeln, Birnen und anderen<br \/>ausgew\u00e4hlten Fr\u00fcchten ganz besondere Spezialit\u00e4ten. Damit man diese<br \/>besonderen Flaschen schon auf dem ersten Anblick erkennt, hat Schl\u00f6r nun das<br \/>Etiketten-Design erneuert. Ebenfalls sehr geschmacksvoll.<\/p><p><br \/>Der Bodensee Most, der Rote Most und der Badische Most von Schl\u00f6r bringt das<br \/>das feine K\u00f6nnen beim Ausw\u00e4hlen, Pressen und Verg\u00e4ren der Fr\u00fcchte ins Glas.<br \/>Man schmeckt die feine Balance von S\u00fc\u00dfe und S\u00e4ure, von fruchtig und herb.<br \/>Und pl\u00f6tzlich wei\u00df man, wie stilvoll Most schmecken kann.<br \/>Wie ein wahrhaft gro\u00dfer Grand Cru gekeltert aus Obst.<\/p>\t\t\t\t\t\t\t\t<\/div>\n\t\t\t\t<\/div>\n\t\t\t\t\t<\/div>\n\t\t<\/div>\n\t\t\t\t\t<\/div>\n\t\t<\/section>\n\t\t\t\t<\/div>\n\t\t","protected":false},"excerpt":{"rendered":"<p>Schl\u00f6r setzt dem Most die Krone auf und keltert das regionale Traditionsgetr\u00e4nk mit besonderem Anspruch.<\/p>\n","protected":false},"author":1,"featured_media":8502,"comment_status":"closed","ping_status":"closed","sticky":false,"template":"","format":"standard","meta":{"footnotes":""},"categories":[1],"tags":[],"class_list":["post-8459","post","type-post","status-publish","format-standard","has-post-thumbnail","hentry","category-allgemein"],"yoast_head":"<!-- This site is optimized with the Yoast SEO plugin v27.4 - https:\/\/yoast.com\/product\/yoast-seo-wordpress\/ -->\n<title>Die Grand Crus vom Bodensee - Schl\u00f6r<\/title>\n<meta name=\"robots\" content=\"index, follow, max-snippet:-1, max-image-preview:large, max-video-preview:-1\" \/>\n<link rel=\"canonical\" href=\"https:\/\/www.saefte-vom-bodensee.de\/schloer\/blog\/2026\/03\/15\/die-grand-crus-vom-bodensee\/\" \/>\n<meta property=\"og:locale\" content=\"de_DE\" \/>\n<meta property=\"og:type\" content=\"article\" \/>\n<meta property=\"og:title\" content=\"Die Grand Crus vom Bodensee - Schl\u00f6r\" \/>\n<meta property=\"og:description\" content=\"Schl\u00f6r setzt dem Most die Krone auf und keltert das regionale Traditionsgetr\u00e4nk mit besonderem Anspruch.\" \/>\n<meta property=\"og:url\" content=\"https:\/\/www.saefte-vom-bodensee.de\/schloer\/blog\/2026\/03\/15\/die-grand-crus-vom-bodensee\/\" \/>\n<meta property=\"og:site_name\" content=\"Schl\u00f6r\" \/>\n<meta property=\"article:published_time\" content=\"2026-03-15T09:38:02+00:00\" \/>\n<meta property=\"article:modified_time\" content=\"2026-04-24T06:11:09+00:00\" \/>\n<meta property=\"og:image\" content=\"https:\/\/www.saefte-vom-bodensee.de\/schloer\/wp-content\/uploads\/sites\/4\/2023\/10\/2323016-SLR-Website-Newsbeitraege2_1.jpg\" \/>\n\t<meta property=\"og:image:width\" content=\"1024\" \/>\n\t<meta property=\"og:image:height\" content=\"1024\" \/>\n\t<meta property=\"og:image:type\" content=\"image\/jpeg\" \/>\n<meta name=\"author\" content=\"bapadmin\" \/>\n<meta name=\"twitter:card\" content=\"summary_large_image\" \/>\n<meta name=\"twitter:label1\" content=\"Verfasst von\" \/>\n\t<meta name=\"twitter:data1\" content=\"bapadmin\" \/>\n\t<meta name=\"twitter:label2\" content=\"Gesch\u00e4tzte Lesezeit\" \/>\n\t<meta name=\"twitter:data2\" content=\"1\u00a0Minute\" \/>\n<!-- \/ Yoast SEO plugin. -->","yoast_head_json":{"title":"Die Grand Crus vom Bodensee - Schl\u00f6r","robots":{"index":"index","follow":"follow","max-snippet":"max-snippet:-1","max-image-preview":"max-image-preview:large","max-video-preview":"max-video-preview:-1"},"canonical":"https:\/\/www.saefte-vom-bodensee.de\/schloer\/blog\/2026\/03\/15\/die-grand-crus-vom-bodensee\/","og_locale":"de_DE","og_type":"article","og_title":"Die Grand Crus vom Bodensee - Schl\u00f6r","og_description":"Schl\u00f6r setzt dem Most die Krone auf und keltert das regionale Traditionsgetr\u00e4nk mit besonderem Anspruch.","og_url":"https:\/\/www.saefte-vom-bodensee.de\/schloer\/blog\/2026\/03\/15\/die-grand-crus-vom-bodensee\/","og_site_name":"Schl\u00f6r","article_published_time":"2026-03-15T09:38:02+00:00","article_modified_time":"2026-04-24T06:11:09+00:00","og_image":[{"width":1024,"height":1024,"url":"https:\/\/www.saefte-vom-bodensee.de\/schloer\/wp-content\/uploads\/sites\/4\/2023\/10\/2323016-SLR-Website-Newsbeitraege2_1.jpg","type":"image\/jpeg"}],"author":"bapadmin","twitter_card":"summary_large_image","twitter_misc":{"Verfasst von":"bapadmin","Gesch\u00e4tzte Lesezeit":"1\u00a0Minute"},"schema":{"@context":"https:\/\/schema.org","@graph":[{"@type":"Article","@id":"https:\/\/www.saefte-vom-bodensee.de\/schloer\/blog\/2026\/03\/15\/die-grand-crus-vom-bodensee\/#article","isPartOf":{"@id":"https:\/\/www.saefte-vom-bodensee.de\/schloer\/blog\/2026\/03\/15\/die-grand-crus-vom-bodensee\/"},"author":{"name":"bapadmin","@id":"https:\/\/www.saefte-vom-bodensee.de\/schloer\/#\/schema\/person\/ceb8597f628925829ea017b0e36240df"},"headline":"Die Grand Crus vom Bodensee","datePublished":"2026-03-15T09:38:02+00:00","dateModified":"2026-04-24T06:11:09+00:00","mainEntityOfPage":{"@id":"https:\/\/www.saefte-vom-bodensee.de\/schloer\/blog\/2026\/03\/15\/die-grand-crus-vom-bodensee\/"},"wordCount":159,"publisher":{"@id":"https:\/\/www.saefte-vom-bodensee.de\/schloer\/#organization"},"image":{"@id":"https:\/\/www.saefte-vom-bodensee.de\/schloer\/blog\/2026\/03\/15\/die-grand-crus-vom-bodensee\/#primaryimage"},"thumbnailUrl":"https:\/\/www.saefte-vom-bodensee.de\/schloer\/wp-content\/uploads\/sites\/4\/2023\/10\/2323016-SLR-Website-Newsbeitraege2_1.jpg","inLanguage":"de"},{"@type":"WebPage","@id":"https:\/\/www.saefte-vom-bodensee.de\/schloer\/blog\/2026\/03\/15\/die-grand-crus-vom-bodensee\/","url":"https:\/\/www.saefte-vom-bodensee.de\/schloer\/blog\/2026\/03\/15\/die-grand-crus-vom-bodensee\/","name":"Die Grand Crus vom Bodensee - Schl\u00f6r","isPartOf":{"@id":"https:\/\/www.saefte-vom-bodensee.de\/schloer\/#website"},"primaryImageOfPage":{"@id":"https:\/\/www.saefte-vom-bodensee.de\/schloer\/blog\/2026\/03\/15\/die-grand-crus-vom-bodensee\/#primaryimage"},"image":{"@id":"https:\/\/www.saefte-vom-bodensee.de\/schloer\/blog\/2026\/03\/15\/die-grand-crus-vom-bodensee\/#primaryimage"},"thumbnailUrl":"https:\/\/www.saefte-vom-bodensee.de\/schloer\/wp-content\/uploads\/sites\/4\/2023\/10\/2323016-SLR-Website-Newsbeitraege2_1.jpg","datePublished":"2026-03-15T09:38:02+00:00","dateModified":"2026-04-24T06:11:09+00:00","breadcrumb":{"@id":"https:\/\/www.saefte-vom-bodensee.de\/schloer\/blog\/2026\/03\/15\/die-grand-crus-vom-bodensee\/#breadcrumb"},"inLanguage":"de","potentialAction":[{"@type":"ReadAction","target":["https:\/\/www.saefte-vom-bodensee.de\/schloer\/blog\/2026\/03\/15\/die-grand-crus-vom-bodensee\/"]}]},{"@type":"ImageObject","inLanguage":"de","@id":"https:\/\/www.saefte-vom-bodensee.de\/schloer\/blog\/2026\/03\/15\/die-grand-crus-vom-bodensee\/#primaryimage","url":"https:\/\/www.saefte-vom-bodensee.de\/schloer\/wp-content\/uploads\/sites\/4\/2023\/10\/2323016-SLR-Website-Newsbeitraege2_1.jpg","contentUrl":"https:\/\/www.saefte-vom-bodensee.de\/schloer\/wp-content\/uploads\/sites\/4\/2023\/10\/2323016-SLR-Website-Newsbeitraege2_1.jpg","width":1024,"height":1024},{"@type":"BreadcrumbList","@id":"https:\/\/www.saefte-vom-bodensee.de\/schloer\/blog\/2026\/03\/15\/die-grand-crus-vom-bodensee\/#breadcrumb","itemListElement":[{"@type":"ListItem","position":1,"name":"Startseite","item":"https:\/\/www.saefte-vom-bodensee.de\/schloer\/"},{"@type":"ListItem","position":2,"name":"Die Grand Crus vom Bodensee"}]},{"@type":"WebSite","@id":"https:\/\/www.saefte-vom-bodensee.de\/schloer\/#website","url":"https:\/\/www.saefte-vom-bodensee.de\/schloer\/","name":"Schl\u00f6r","description":"","publisher":{"@id":"https:\/\/www.saefte-vom-bodensee.de\/schloer\/#organization"},"potentialAction":[{"@type":"SearchAction","target":{"@type":"EntryPoint","urlTemplate":"https:\/\/www.saefte-vom-bodensee.de\/schloer\/?s={search_term_string}"},"query-input":{"@type":"PropertyValueSpecification","valueRequired":true,"valueName":"search_term_string"}}],"inLanguage":"de"},{"@type":"Organization","@id":"https:\/\/www.saefte-vom-bodensee.de\/schloer\/#organization","name":"Schl\u00f6r","url":"https:\/\/www.saefte-vom-bodensee.de\/schloer\/","logo":{"@type":"ImageObject","inLanguage":"de","@id":"https:\/\/www.saefte-vom-bodensee.de\/schloer\/#\/schema\/logo\/image\/","url":"https:\/\/www.saefte-vom-bodensee.de\/schloer\/wp-content\/uploads\/sites\/4\/2021\/10\/schloer-logo-dunkel.png","contentUrl":"https:\/\/www.saefte-vom-bodensee.de\/schloer\/wp-content\/uploads\/sites\/4\/2021\/10\/schloer-logo-dunkel.png","width":280,"height":224,"caption":"Schl\u00f6r"},"image":{"@id":"https:\/\/www.saefte-vom-bodensee.de\/schloer\/#\/schema\/logo\/image\/"}},{"@type":"Person","@id":"https:\/\/www.saefte-vom-bodensee.de\/schloer\/#\/schema\/person\/ceb8597f628925829ea017b0e36240df","name":"bapadmin","image":{"@type":"ImageObject","inLanguage":"de","@id":"https:\/\/www.saefte-vom-bodensee.de\/schloer\/wp-content\/wphb-cache\/gravatar\/0c3\/0c3814195febe2aaaff94c4b22f76ac8x96.jpg","url":"https:\/\/www.saefte-vom-bodensee.de\/schloer\/wp-content\/wphb-cache\/gravatar\/0c3\/0c3814195febe2aaaff94c4b22f76ac8x96.jpg","contentUrl":"https:\/\/www.saefte-vom-bodensee.de\/schloer\/wp-content\/wphb-cache\/gravatar\/0c3\/0c3814195febe2aaaff94c4b22f76ac8x96.jpg","caption":"bapadmin"},"sameAs":["https:\/\/svb.bap.cc"],"url":"https:\/\/www.saefte-vom-bodensee.de\/schloer\/blog\/author\/bapadmin\/"}]}},"acf":[],"_links":{"self":[{"href":"https:\/\/www.saefte-vom-bodensee.de\/schloer\/wp-json\/wp\/v2\/posts\/8459","targetHints":{"allow":["GET"]}}],"collection":[{"href":"https:\/\/www.saefte-vom-bodensee.de\/schloer\/wp-json\/wp\/v2\/posts"}],"about":[{"href":"https:\/\/www.saefte-vom-bodensee.de\/schloer\/wp-json\/wp\/v2\/types\/post"}],"author":[{"embeddable":true,"href":"https:\/\/www.saefte-vom-bodensee.de\/schloer\/wp-json\/wp\/v2\/users\/1"}],"replies":[{"embeddable":true,"href":"https:\/\/www.saefte-vom-bodensee.de\/schloer\/wp-json\/wp\/v2\/comments?post=8459"}],"version-history":[{"count":0,"href":"https:\/\/www.saefte-vom-bodensee.de\/schloer\/wp-json\/wp\/v2\/posts\/8459\/revisions"}],"wp:featuredmedia":[{"embeddable":true,"href":"https:\/\/www.saefte-vom-bodensee.de\/schloer\/wp-json\/wp\/v2\/media\/8502"}],"wp:attachment":[{"href":"https:\/\/www.saefte-vom-bodensee.de\/schloer\/wp-json\/wp\/v2\/media?parent=8459"}],"wp:term":[{"taxonomy":"category","embeddable":true,"href":"https:\/\/www.saefte-vom-bodensee.de\/schloer\/wp-json\/wp\/v2\/categories?post=8459"},{"taxonomy":"post_tag","embeddable":true,"href":"https:\/\/www.saefte-vom-bodensee.de\/schloer\/wp-json\/wp\/v2\/tags?post=8459"}],"curies":[{"name":"wp","href":"https:\/\/api.w.org\/{rel}","templated":true}]}}