{"id":9551,"date":"2023-11-03T14:00:32","date_gmt":"2023-11-03T13:00:32","guid":{"rendered":"https:\/\/www.saefte-vom-bodensee.de\/lindauer-fruchtgarten\/?p=9551"},"modified":"2025-11-12T11:22:05","modified_gmt":"2025-11-12T10:22:05","slug":"most-in-fruchtiger-vielfalt","status":"publish","type":"post","link":"https:\/\/www.saefte-vom-bodensee.de\/lindauer-fruchtgarten\/blog\/2023\/11\/03\/most-in-fruchtiger-vielfalt\/","title":{"rendered":"Most in fruchtiger Vielfalt"},"content":{"rendered":"\t\t<div data-elementor-type=\"wp-post\" data-elementor-id=\"9551\" class=\"elementor elementor-9551\" data-elementor-post-type=\"post\">\n\t\t\t\t\t\t<section class=\"elementor-section elementor-top-section elementor-element elementor-element-61d03ff elementor-section-boxed elementor-section-height-default elementor-section-height-default\" data-id=\"61d03ff\" data-element_type=\"section\" data-e-type=\"section\">\n\t\t\t\t\t\t<div class=\"elementor-container elementor-column-gap-default\">\n\t\t\t\t\t<div class=\"elementor-column elementor-col-100 elementor-top-column elementor-element elementor-element-ebb7f20\" data-id=\"ebb7f20\" data-element_type=\"column\" data-e-type=\"column\">\n\t\t\t<div class=\"elementor-widget-wrap elementor-element-populated\">\n\t\t\t\t\t\t<div class=\"elementor-element elementor-element-e7cbb2d elementor-widget elementor-widget-text-editor\" data-id=\"e7cbb2d\" data-element_type=\"widget\" data-e-type=\"widget\" data-widget_type=\"text-editor.default\">\n\t\t\t\t<div class=\"elementor-widget-container\">\n\t\t\t\t\t\t\t\t\t<p>Am Bodensee ist Most ein traditionell-beliebtes Getr\u00e4nk. Es gibt hier n\u00e4mlich sehr viele und sehr gute \u00c4pfel. Nun haben wir die Auswahl im Lindauer Fruchtgarten f\u00fcr Sie erweitert und in einen neuen, frischen Look verpackt. Der Genuss bleibt nat\u00fcrlich gleich: Von lieblich bis herb \u2013 immer fruchtig erfrischend!<\/p>\n<p>Schon gewusst? In unserer eigenen Kelterei pressen wir nicht nur aus \u00c4pfeln besten Most, sondern aus Birnen ebenso. Au\u00dferdem versehen wir unsere klassischen Sorten auch mit einer feinen Holunderbl\u00fctennote, mit Kirschnektar oder mit Erdbeer-Rhabarbersaft.<\/p>\n<p>F\u00fcr alle, die lieber ohne Alkohol unterwegs sind und dennoch nicht auf den fruchtig-herben Mostgeschmack verzichten wollen, haben wir jetzt sogar den alkoholfreien Bauernmost im Sortiment. Im Vergleich zum unvergorenen Apfelsaft ist unser Bauernmost weniger s\u00fc\u00df und somit zudem eine kalorienarme Alternative.<\/p>\n<p>Probieren Sie sich durch unsere&nbsp;<a href=\"https:\/\/www.saefte-vom-bodensee.de\/lindauer-fruchtgarten\/mostspezialitaeten\/\" target=\"_blank\" rel=\"noopener\">Mostspezialit\u00e4ten<\/a>&nbsp;inklusive der spritzigen Mostschorlen!<span style=\"letter-spacing: 0px\">&nbsp;<\/span><\/p>\t\t\t\t\t\t\t\t<\/div>\n\t\t\t\t<\/div>\n\t\t\t\t\t<\/div>\n\t\t<\/div>\n\t\t\t\t\t<\/div>\n\t\t<\/section>\n\t\t\t\t<\/div>\n\t\t","protected":false},"excerpt":{"rendered":"<p>Most hat eine lange Tradition in der apfelreichen Bodenseeregion. Entdecken Sie unser erweitertes Sortiment im neuen Look.<\/p>\n","protected":false},"author":1,"featured_media":9510,"comment_status":"closed","ping_status":"closed","sticky":false,"template":"","format":"standard","meta":{"footnotes":""},"categories":[1],"tags":[],"class_list":["post-9551","post","type-post","status-publish","format-standard","has-post-thumbnail","hentry","category-allgemein"],"yoast_head":"<!-- This site is optimized with the Yoast SEO plugin v27.4 - https:\/\/yoast.com\/product\/yoast-seo-wordpress\/ -->\n<title>Most in fruchtiger Vielfalt - Lindauer Fruchtgarten<\/title>\n<meta name=\"robots\" content=\"index, follow, max-snippet:-1, max-image-preview:large, max-video-preview:-1\" \/>\n<link rel=\"canonical\" href=\"https:\/\/www.saefte-vom-bodensee.de\/lindauer-fruchtgarten\/blog\/2023\/11\/03\/most-in-fruchtiger-vielfalt\/\" \/>\n<meta property=\"og:locale\" content=\"de_DE\" \/>\n<meta property=\"og:type\" content=\"article\" \/>\n<meta property=\"og:title\" content=\"Most in fruchtiger Vielfalt - Lindauer Fruchtgarten\" \/>\n<meta property=\"og:description\" content=\"Most hat eine lange Tradition in der apfelreichen Bodenseeregion. Entdecken Sie unser erweitertes Sortiment im neuen Look.\" \/>\n<meta property=\"og:url\" content=\"https:\/\/www.saefte-vom-bodensee.de\/lindauer-fruchtgarten\/blog\/2023\/11\/03\/most-in-fruchtiger-vielfalt\/\" \/>\n<meta property=\"og:site_name\" content=\"Lindauer Fruchtgarten\" \/>\n<meta property=\"article:published_time\" content=\"2023-11-03T13:00:32+00:00\" \/>\n<meta property=\"article:modified_time\" content=\"2025-11-12T10:22:05+00:00\" \/>\n<meta property=\"og:image\" content=\"https:\/\/www.saefte-vom-bodensee.de\/lindauer-fruchtgarten\/wp-content\/uploads\/sites\/3\/2023\/05\/2323043-LIF-Aktualisierung-Website-Integration-News-1024x1024.jpg\" \/>\n\t<meta property=\"og:image:width\" content=\"1024\" \/>\n\t<meta property=\"og:image:height\" content=\"1024\" \/>\n\t<meta property=\"og:image:type\" content=\"image\/jpeg\" \/>\n<meta name=\"author\" content=\"bapadmin\" \/>\n<meta name=\"twitter:card\" content=\"summary_large_image\" \/>\n<meta name=\"twitter:label1\" content=\"Verfasst von\" \/>\n\t<meta name=\"twitter:data1\" content=\"bapadmin\" \/>\n\t<meta name=\"twitter:label2\" content=\"Gesch\u00e4tzte Lesezeit\" \/>\n\t<meta name=\"twitter:data2\" content=\"1\u00a0Minute\" \/>\n<!-- \/ Yoast SEO plugin. -->","yoast_head_json":{"title":"Most in fruchtiger Vielfalt - Lindauer Fruchtgarten","robots":{"index":"index","follow":"follow","max-snippet":"max-snippet:-1","max-image-preview":"max-image-preview:large","max-video-preview":"max-video-preview:-1"},"canonical":"https:\/\/www.saefte-vom-bodensee.de\/lindauer-fruchtgarten\/blog\/2023\/11\/03\/most-in-fruchtiger-vielfalt\/","og_locale":"de_DE","og_type":"article","og_title":"Most in fruchtiger Vielfalt - Lindauer Fruchtgarten","og_description":"Most hat eine lange Tradition in der apfelreichen Bodenseeregion. Entdecken Sie unser erweitertes Sortiment im neuen Look.","og_url":"https:\/\/www.saefte-vom-bodensee.de\/lindauer-fruchtgarten\/blog\/2023\/11\/03\/most-in-fruchtiger-vielfalt\/","og_site_name":"Lindauer Fruchtgarten","article_published_time":"2023-11-03T13:00:32+00:00","article_modified_time":"2025-11-12T10:22:05+00:00","og_image":[{"width":1024,"height":1024,"url":"https:\/\/www.saefte-vom-bodensee.de\/lindauer-fruchtgarten\/wp-content\/uploads\/sites\/3\/2023\/05\/2323043-LIF-Aktualisierung-Website-Integration-News-1024x1024.jpg","type":"image\/jpeg"}],"author":"bapadmin","twitter_card":"summary_large_image","twitter_misc":{"Verfasst von":"bapadmin","Gesch\u00e4tzte Lesezeit":"1\u00a0Minute"},"schema":{"@context":"https:\/\/schema.org","@graph":[{"@type":"Article","@id":"https:\/\/www.saefte-vom-bodensee.de\/lindauer-fruchtgarten\/blog\/2023\/11\/03\/most-in-fruchtiger-vielfalt\/#article","isPartOf":{"@id":"https:\/\/www.saefte-vom-bodensee.de\/lindauer-fruchtgarten\/blog\/2023\/11\/03\/most-in-fruchtiger-vielfalt\/"},"author":{"name":"bapadmin","@id":"https:\/\/www.saefte-vom-bodensee.de\/lindauer-fruchtgarten\/#\/schema\/person\/ceb8597f628925829ea017b0e36240df"},"headline":"Most in fruchtiger Vielfalt","datePublished":"2023-11-03T13:00:32+00:00","dateModified":"2025-11-12T10:22:05+00:00","mainEntityOfPage":{"@id":"https:\/\/www.saefte-vom-bodensee.de\/lindauer-fruchtgarten\/blog\/2023\/11\/03\/most-in-fruchtiger-vielfalt\/"},"wordCount":148,"image":{"@id":"https:\/\/www.saefte-vom-bodensee.de\/lindauer-fruchtgarten\/blog\/2023\/11\/03\/most-in-fruchtiger-vielfalt\/#primaryimage"},"thumbnailUrl":"https:\/\/www.saefte-vom-bodensee.de\/lindauer-fruchtgarten\/wp-content\/uploads\/sites\/3\/2023\/05\/2323043-LIF-Aktualisierung-Website-Integration-News.jpg","inLanguage":"de"},{"@type":"WebPage","@id":"https:\/\/www.saefte-vom-bodensee.de\/lindauer-fruchtgarten\/blog\/2023\/11\/03\/most-in-fruchtiger-vielfalt\/","url":"https:\/\/www.saefte-vom-bodensee.de\/lindauer-fruchtgarten\/blog\/2023\/11\/03\/most-in-fruchtiger-vielfalt\/","name":"Most in fruchtiger Vielfalt - Lindauer Fruchtgarten","isPartOf":{"@id":"https:\/\/www.saefte-vom-bodensee.de\/lindauer-fruchtgarten\/#website"},"primaryImageOfPage":{"@id":"https:\/\/www.saefte-vom-bodensee.de\/lindauer-fruchtgarten\/blog\/2023\/11\/03\/most-in-fruchtiger-vielfalt\/#primaryimage"},"image":{"@id":"https:\/\/www.saefte-vom-bodensee.de\/lindauer-fruchtgarten\/blog\/2023\/11\/03\/most-in-fruchtiger-vielfalt\/#primaryimage"},"thumbnailUrl":"https:\/\/www.saefte-vom-bodensee.de\/lindauer-fruchtgarten\/wp-content\/uploads\/sites\/3\/2023\/05\/2323043-LIF-Aktualisierung-Website-Integration-News.jpg","datePublished":"2023-11-03T13:00:32+00:00","dateModified":"2025-11-12T10:22:05+00:00","author":{"@id":"https:\/\/www.saefte-vom-bodensee.de\/lindauer-fruchtgarten\/#\/schema\/person\/ceb8597f628925829ea017b0e36240df"},"breadcrumb":{"@id":"https:\/\/www.saefte-vom-bodensee.de\/lindauer-fruchtgarten\/blog\/2023\/11\/03\/most-in-fruchtiger-vielfalt\/#breadcrumb"},"inLanguage":"de","potentialAction":[{"@type":"ReadAction","target":["https:\/\/www.saefte-vom-bodensee.de\/lindauer-fruchtgarten\/blog\/2023\/11\/03\/most-in-fruchtiger-vielfalt\/"]}]},{"@type":"ImageObject","inLanguage":"de","@id":"https:\/\/www.saefte-vom-bodensee.de\/lindauer-fruchtgarten\/blog\/2023\/11\/03\/most-in-fruchtiger-vielfalt\/#primaryimage","url":"https:\/\/www.saefte-vom-bodensee.de\/lindauer-fruchtgarten\/wp-content\/uploads\/sites\/3\/2023\/05\/2323043-LIF-Aktualisierung-Website-Integration-News.jpg","contentUrl":"https:\/\/www.saefte-vom-bodensee.de\/lindauer-fruchtgarten\/wp-content\/uploads\/sites\/3\/2023\/05\/2323043-LIF-Aktualisierung-Website-Integration-News.jpg","width":2560,"height":2560},{"@type":"BreadcrumbList","@id":"https:\/\/www.saefte-vom-bodensee.de\/lindauer-fruchtgarten\/blog\/2023\/11\/03\/most-in-fruchtiger-vielfalt\/#breadcrumb","itemListElement":[{"@type":"ListItem","position":1,"name":"Startseite","item":"https:\/\/www.saefte-vom-bodensee.de\/lindauer-fruchtgarten\/"},{"@type":"ListItem","position":2,"name":"Most in fruchtiger Vielfalt"}]},{"@type":"WebSite","@id":"https:\/\/www.saefte-vom-bodensee.de\/lindauer-fruchtgarten\/#website","url":"https:\/\/www.saefte-vom-bodensee.de\/lindauer-fruchtgarten\/","name":"Lindauer Fruchtgarten","description":"","potentialAction":[{"@type":"SearchAction","target":{"@type":"EntryPoint","urlTemplate":"https:\/\/www.saefte-vom-bodensee.de\/lindauer-fruchtgarten\/?s={search_term_string}"},"query-input":{"@type":"PropertyValueSpecification","valueRequired":true,"valueName":"search_term_string"}}],"inLanguage":"de"},{"@type":"Person","@id":"https:\/\/www.saefte-vom-bodensee.de\/lindauer-fruchtgarten\/#\/schema\/person\/ceb8597f628925829ea017b0e36240df","name":"bapadmin","image":{"@type":"ImageObject","inLanguage":"de","@id":"https:\/\/www.saefte-vom-bodensee.de\/lindauer-fruchtgarten\/wp-content\/wphb-cache\/gravatar\/0c3\/0c3814195febe2aaaff94c4b22f76ac8x96.jpg","url":"https:\/\/www.saefte-vom-bodensee.de\/lindauer-fruchtgarten\/wp-content\/wphb-cache\/gravatar\/0c3\/0c3814195febe2aaaff94c4b22f76ac8x96.jpg","contentUrl":"https:\/\/www.saefte-vom-bodensee.de\/lindauer-fruchtgarten\/wp-content\/wphb-cache\/gravatar\/0c3\/0c3814195febe2aaaff94c4b22f76ac8x96.jpg","caption":"bapadmin"},"sameAs":["https:\/\/svb.bap.cc"],"url":"https:\/\/www.saefte-vom-bodensee.de\/lindauer-fruchtgarten\/blog\/author\/bapadmin\/"}]}},"acf":[],"_links":{"self":[{"href":"https:\/\/www.saefte-vom-bodensee.de\/lindauer-fruchtgarten\/wp-json\/wp\/v2\/posts\/9551","targetHints":{"allow":["GET"]}}],"collection":[{"href":"https:\/\/www.saefte-vom-bodensee.de\/lindauer-fruchtgarten\/wp-json\/wp\/v2\/posts"}],"about":[{"href":"https:\/\/www.saefte-vom-bodensee.de\/lindauer-fruchtgarten\/wp-json\/wp\/v2\/types\/post"}],"author":[{"embeddable":true,"href":"https:\/\/www.saefte-vom-bodensee.de\/lindauer-fruchtgarten\/wp-json\/wp\/v2\/users\/1"}],"replies":[{"embeddable":true,"href":"https:\/\/www.saefte-vom-bodensee.de\/lindauer-fruchtgarten\/wp-json\/wp\/v2\/comments?post=9551"}],"version-history":[{"count":0,"href":"https:\/\/www.saefte-vom-bodensee.de\/lindauer-fruchtgarten\/wp-json\/wp\/v2\/posts\/9551\/revisions"}],"wp:featuredmedia":[{"embeddable":true,"href":"https:\/\/www.saefte-vom-bodensee.de\/lindauer-fruchtgarten\/wp-json\/wp\/v2\/media\/9510"}],"wp:attachment":[{"href":"https:\/\/www.saefte-vom-bodensee.de\/lindauer-fruchtgarten\/wp-json\/wp\/v2\/media?parent=9551"}],"wp:term":[{"taxonomy":"category","embeddable":true,"href":"https:\/\/www.saefte-vom-bodensee.de\/lindauer-fruchtgarten\/wp-json\/wp\/v2\/categories?post=9551"},{"taxonomy":"post_tag","embeddable":true,"href":"https:\/\/www.saefte-vom-bodensee.de\/lindauer-fruchtgarten\/wp-json\/wp\/v2\/tags?post=9551"}],"curies":[{"name":"wp","href":"https:\/\/api.w.org\/{rel}","templated":true}]}}