{"id":10158,"date":"2026-01-01T08:15:50","date_gmt":"2026-01-01T07:15:50","guid":{"rendered":"https:\/\/www.saefte-vom-bodensee.de\/lindauer-fruchtgarten\/?p=10158"},"modified":"2026-04-22T15:49:31","modified_gmt":"2026-04-22T13:49:31","slug":"fit-in-den-fruehling","status":"publish","type":"post","link":"https:\/\/www.saefte-vom-bodensee.de\/lindauer-fruchtgarten\/blog\/2026\/01\/01\/fit-in-den-fruehling\/","title":{"rendered":"Fit in den Fr\u00fchling"},"content":{"rendered":"\t\t<div data-elementor-type=\"wp-post\" data-elementor-id=\"10158\" class=\"elementor elementor-10158\" data-elementor-post-type=\"post\">\n\t\t\t\t\t\t<section class=\"elementor-section elementor-top-section elementor-element elementor-element-ad4c81a elementor-section-boxed elementor-section-height-default elementor-section-height-default\" data-id=\"ad4c81a\" data-element_type=\"section\" data-e-type=\"section\">\n\t\t\t\t\t\t<div class=\"elementor-container elementor-column-gap-default\">\n\t\t\t\t\t<div class=\"elementor-column elementor-col-100 elementor-top-column elementor-element elementor-element-1f4efc9\" data-id=\"1f4efc9\" data-element_type=\"column\" data-e-type=\"column\">\n\t\t\t<div class=\"elementor-widget-wrap elementor-element-populated\">\n\t\t\t\t\t\t<div class=\"elementor-element elementor-element-ed51b8b elementor-widget elementor-widget-text-editor\" data-id=\"ed51b8b\" data-element_type=\"widget\" data-e-type=\"widget\" data-widget_type=\"text-editor.default\">\n\t\t\t\t<div class=\"elementor-widget-container\">\n\t\t\t\t\t\t\t\t\t<div>\n<h2 style=\"font-style: normal; font-variant-ligatures: normal; font-variant-caps: normal; font-weight: normal; font-size: 40px; line-height: 54px; font-family: ff-prater-sans-web, sans-serif; letter-spacing: normal; color: #006035;\" spellcheck=\"false\" data-elementor-setting-key=\"title\" data-pen-placeholder=\"Eingabe hier...\" data-lt-tmp-id=\"lt-770854\" data-gramm=\"false\"><span style=\"font-weight: normal;\">Bunte Vitamine f\u00fcr die ganze Familie<\/span><\/h2>\n<\/div>\n<div><span style=\"font-family: Barlow, sans-serif; font-weight: normal; letter-spacing: 0px;\">Jetzt ist die ideale Zeit, um frische Kraft zu tanken und sich Gutes zu tun.<\/span><\/div>\n<p>Die vitaminreichen S\u00e4fte aus dem Lindauer Fruchtgarten sind ein k\u00f6stlicher Tipp daf\u00fcr. Starten Sie durch mit dem Lindauer Fruchtgarten A+C+E Vitamin-Drink oder Multivitamin Mehrfruchtsaft.<\/p>\n<p>Vertrauen Sie auf klassische Vitamin C-Quellen, wie unsere verschiedenen Orangen-S\u00e4fte. Entdecken Sie den wohltuenden Genuss von Cranberry, Holunder, Aronia, Johannisbeere und anderem schonend gepresstem Super Food. &nbsp;Bei der bunten Vielfalt unserer Saftfamilie ist f\u00fcr alle in der Familie der richtige vitaminreiche Saft dabei.<\/p>\t\t\t\t\t\t\t\t<\/div>\n\t\t\t\t<\/div>\n\t\t\t\t\t<\/div>\n\t\t<\/div>\n\t\t\t\t\t<\/div>\n\t\t<\/section>\n\t\t\t\t<\/div>\n\t\t","protected":false},"excerpt":{"rendered":"<p>Genie\u00dfen Sie den Fr\u00fchling im Lindauer Fruchtgarten. Und lassen Sie es sich Glas f\u00fcr Glas gut gehen!<\/p>\n","protected":false},"author":1,"featured_media":10167,"comment_status":"closed","ping_status":"closed","sticky":false,"template":"","format":"standard","meta":{"footnotes":""},"categories":[1],"tags":[],"class_list":["post-10158","post","type-post","status-publish","format-standard","has-post-thumbnail","hentry","category-allgemein"],"yoast_head":"<!-- This site is optimized with the Yoast SEO plugin v27.4 - https:\/\/yoast.com\/product\/yoast-seo-wordpress\/ -->\n<title>Fit in den Fr\u00fchling - Lindauer Fruchtgarten<\/title>\n<meta name=\"robots\" content=\"index, follow, max-snippet:-1, max-image-preview:large, max-video-preview:-1\" \/>\n<link rel=\"canonical\" href=\"https:\/\/www.saefte-vom-bodensee.de\/lindauer-fruchtgarten\/blog\/2026\/01\/01\/fit-in-den-fruehling\/\" \/>\n<meta property=\"og:locale\" content=\"de_DE\" \/>\n<meta property=\"og:type\" content=\"article\" \/>\n<meta property=\"og:title\" content=\"Fit in den Fr\u00fchling - Lindauer Fruchtgarten\" \/>\n<meta property=\"og:description\" content=\"Genie\u00dfen Sie den Fr\u00fchling im Lindauer Fruchtgarten. Und lassen Sie es sich Glas f\u00fcr Glas gut gehen!\" \/>\n<meta property=\"og:url\" content=\"https:\/\/www.saefte-vom-bodensee.de\/lindauer-fruchtgarten\/blog\/2026\/01\/01\/fit-in-den-fruehling\/\" \/>\n<meta property=\"og:site_name\" content=\"Lindauer Fruchtgarten\" \/>\n<meta property=\"article:published_time\" content=\"2026-01-01T07:15:50+00:00\" \/>\n<meta property=\"article:modified_time\" content=\"2026-04-22T13:49:31+00:00\" \/>\n<meta property=\"og:image\" content=\"https:\/\/www.saefte-vom-bodensee.de\/lindauer-fruchtgarten\/wp-content\/uploads\/sites\/3\/2024\/04\/2424025-LIF-Newsbeitrag-Fit-in-den-Fruehling-2-1.jpg\" \/>\n\t<meta property=\"og:image:width\" content=\"1440\" \/>\n\t<meta property=\"og:image:height\" content=\"1440\" \/>\n\t<meta property=\"og:image:type\" content=\"image\/jpeg\" \/>\n<meta name=\"author\" content=\"bapadmin\" \/>\n<meta name=\"twitter:card\" content=\"summary_large_image\" \/>\n<meta name=\"twitter:label1\" content=\"Verfasst von\" \/>\n\t<meta name=\"twitter:data1\" content=\"bapadmin\" \/>\n\t<meta name=\"twitter:label2\" content=\"Gesch\u00e4tzte Lesezeit\" \/>\n\t<meta name=\"twitter:data2\" content=\"1\u00a0Minute\" \/>\n<!-- \/ Yoast SEO plugin. -->","yoast_head_json":{"title":"Fit in den Fr\u00fchling - Lindauer Fruchtgarten","robots":{"index":"index","follow":"follow","max-snippet":"max-snippet:-1","max-image-preview":"max-image-preview:large","max-video-preview":"max-video-preview:-1"},"canonical":"https:\/\/www.saefte-vom-bodensee.de\/lindauer-fruchtgarten\/blog\/2026\/01\/01\/fit-in-den-fruehling\/","og_locale":"de_DE","og_type":"article","og_title":"Fit in den Fr\u00fchling - Lindauer Fruchtgarten","og_description":"Genie\u00dfen Sie den Fr\u00fchling im Lindauer Fruchtgarten. Und lassen Sie es sich Glas f\u00fcr Glas gut gehen!","og_url":"https:\/\/www.saefte-vom-bodensee.de\/lindauer-fruchtgarten\/blog\/2026\/01\/01\/fit-in-den-fruehling\/","og_site_name":"Lindauer Fruchtgarten","article_published_time":"2026-01-01T07:15:50+00:00","article_modified_time":"2026-04-22T13:49:31+00:00","og_image":[{"width":1440,"height":1440,"url":"https:\/\/www.saefte-vom-bodensee.de\/lindauer-fruchtgarten\/wp-content\/uploads\/sites\/3\/2024\/04\/2424025-LIF-Newsbeitrag-Fit-in-den-Fruehling-2-1.jpg","type":"image\/jpeg"}],"author":"bapadmin","twitter_card":"summary_large_image","twitter_misc":{"Verfasst von":"bapadmin","Gesch\u00e4tzte Lesezeit":"1\u00a0Minute"},"schema":{"@context":"https:\/\/schema.org","@graph":[{"@type":"Article","@id":"https:\/\/www.saefte-vom-bodensee.de\/lindauer-fruchtgarten\/blog\/2026\/01\/01\/fit-in-den-fruehling\/#article","isPartOf":{"@id":"https:\/\/www.saefte-vom-bodensee.de\/lindauer-fruchtgarten\/blog\/2026\/01\/01\/fit-in-den-fruehling\/"},"author":{"name":"bapadmin","@id":"https:\/\/www.saefte-vom-bodensee.de\/lindauer-fruchtgarten\/#\/schema\/person\/ceb8597f628925829ea017b0e36240df"},"headline":"Fit in den Fr\u00fchling","datePublished":"2026-01-01T07:15:50+00:00","dateModified":"2026-04-22T13:49:31+00:00","mainEntityOfPage":{"@id":"https:\/\/www.saefte-vom-bodensee.de\/lindauer-fruchtgarten\/blog\/2026\/01\/01\/fit-in-den-fruehling\/"},"wordCount":102,"image":{"@id":"https:\/\/www.saefte-vom-bodensee.de\/lindauer-fruchtgarten\/blog\/2026\/01\/01\/fit-in-den-fruehling\/#primaryimage"},"thumbnailUrl":"https:\/\/www.saefte-vom-bodensee.de\/lindauer-fruchtgarten\/wp-content\/uploads\/sites\/3\/2024\/04\/2424025-LIF-Newsbeitrag-Fit-in-den-Fruehling-2-1.jpg","inLanguage":"de"},{"@type":"WebPage","@id":"https:\/\/www.saefte-vom-bodensee.de\/lindauer-fruchtgarten\/blog\/2026\/01\/01\/fit-in-den-fruehling\/","url":"https:\/\/www.saefte-vom-bodensee.de\/lindauer-fruchtgarten\/blog\/2026\/01\/01\/fit-in-den-fruehling\/","name":"Fit in den Fr\u00fchling - Lindauer Fruchtgarten","isPartOf":{"@id":"https:\/\/www.saefte-vom-bodensee.de\/lindauer-fruchtgarten\/#website"},"primaryImageOfPage":{"@id":"https:\/\/www.saefte-vom-bodensee.de\/lindauer-fruchtgarten\/blog\/2026\/01\/01\/fit-in-den-fruehling\/#primaryimage"},"image":{"@id":"https:\/\/www.saefte-vom-bodensee.de\/lindauer-fruchtgarten\/blog\/2026\/01\/01\/fit-in-den-fruehling\/#primaryimage"},"thumbnailUrl":"https:\/\/www.saefte-vom-bodensee.de\/lindauer-fruchtgarten\/wp-content\/uploads\/sites\/3\/2024\/04\/2424025-LIF-Newsbeitrag-Fit-in-den-Fruehling-2-1.jpg","datePublished":"2026-01-01T07:15:50+00:00","dateModified":"2026-04-22T13:49:31+00:00","author":{"@id":"https:\/\/www.saefte-vom-bodensee.de\/lindauer-fruchtgarten\/#\/schema\/person\/ceb8597f628925829ea017b0e36240df"},"breadcrumb":{"@id":"https:\/\/www.saefte-vom-bodensee.de\/lindauer-fruchtgarten\/blog\/2026\/01\/01\/fit-in-den-fruehling\/#breadcrumb"},"inLanguage":"de","potentialAction":[{"@type":"ReadAction","target":["https:\/\/www.saefte-vom-bodensee.de\/lindauer-fruchtgarten\/blog\/2026\/01\/01\/fit-in-den-fruehling\/"]}]},{"@type":"ImageObject","inLanguage":"de","@id":"https:\/\/www.saefte-vom-bodensee.de\/lindauer-fruchtgarten\/blog\/2026\/01\/01\/fit-in-den-fruehling\/#primaryimage","url":"https:\/\/www.saefte-vom-bodensee.de\/lindauer-fruchtgarten\/wp-content\/uploads\/sites\/3\/2024\/04\/2424025-LIF-Newsbeitrag-Fit-in-den-Fruehling-2-1.jpg","contentUrl":"https:\/\/www.saefte-vom-bodensee.de\/lindauer-fruchtgarten\/wp-content\/uploads\/sites\/3\/2024\/04\/2424025-LIF-Newsbeitrag-Fit-in-den-Fruehling-2-1.jpg","width":1440,"height":1440,"caption":"Fit in den Fr\u00fchling - Lindauer Fruchtgarten"},{"@type":"BreadcrumbList","@id":"https:\/\/www.saefte-vom-bodensee.de\/lindauer-fruchtgarten\/blog\/2026\/01\/01\/fit-in-den-fruehling\/#breadcrumb","itemListElement":[{"@type":"ListItem","position":1,"name":"Startseite","item":"https:\/\/www.saefte-vom-bodensee.de\/lindauer-fruchtgarten\/"},{"@type":"ListItem","position":2,"name":"Fit in den Fr\u00fchling"}]},{"@type":"WebSite","@id":"https:\/\/www.saefte-vom-bodensee.de\/lindauer-fruchtgarten\/#website","url":"https:\/\/www.saefte-vom-bodensee.de\/lindauer-fruchtgarten\/","name":"Lindauer Fruchtgarten","description":"","potentialAction":[{"@type":"SearchAction","target":{"@type":"EntryPoint","urlTemplate":"https:\/\/www.saefte-vom-bodensee.de\/lindauer-fruchtgarten\/?s={search_term_string}"},"query-input":{"@type":"PropertyValueSpecification","valueRequired":true,"valueName":"search_term_string"}}],"inLanguage":"de"},{"@type":"Person","@id":"https:\/\/www.saefte-vom-bodensee.de\/lindauer-fruchtgarten\/#\/schema\/person\/ceb8597f628925829ea017b0e36240df","name":"bapadmin","image":{"@type":"ImageObject","inLanguage":"de","@id":"https:\/\/www.saefte-vom-bodensee.de\/lindauer-fruchtgarten\/wp-content\/wphb-cache\/gravatar\/0c3\/0c3814195febe2aaaff94c4b22f76ac8x96.jpg","url":"https:\/\/www.saefte-vom-bodensee.de\/lindauer-fruchtgarten\/wp-content\/wphb-cache\/gravatar\/0c3\/0c3814195febe2aaaff94c4b22f76ac8x96.jpg","contentUrl":"https:\/\/www.saefte-vom-bodensee.de\/lindauer-fruchtgarten\/wp-content\/wphb-cache\/gravatar\/0c3\/0c3814195febe2aaaff94c4b22f76ac8x96.jpg","caption":"bapadmin"},"sameAs":["https:\/\/svb.bap.cc"],"url":"https:\/\/www.saefte-vom-bodensee.de\/lindauer-fruchtgarten\/blog\/author\/bapadmin\/"}]}},"acf":[],"_links":{"self":[{"href":"https:\/\/www.saefte-vom-bodensee.de\/lindauer-fruchtgarten\/wp-json\/wp\/v2\/posts\/10158","targetHints":{"allow":["GET"]}}],"collection":[{"href":"https:\/\/www.saefte-vom-bodensee.de\/lindauer-fruchtgarten\/wp-json\/wp\/v2\/posts"}],"about":[{"href":"https:\/\/www.saefte-vom-bodensee.de\/lindauer-fruchtgarten\/wp-json\/wp\/v2\/types\/post"}],"author":[{"embeddable":true,"href":"https:\/\/www.saefte-vom-bodensee.de\/lindauer-fruchtgarten\/wp-json\/wp\/v2\/users\/1"}],"replies":[{"embeddable":true,"href":"https:\/\/www.saefte-vom-bodensee.de\/lindauer-fruchtgarten\/wp-json\/wp\/v2\/comments?post=10158"}],"version-history":[{"count":0,"href":"https:\/\/www.saefte-vom-bodensee.de\/lindauer-fruchtgarten\/wp-json\/wp\/v2\/posts\/10158\/revisions"}],"wp:featuredmedia":[{"embeddable":true,"href":"https:\/\/www.saefte-vom-bodensee.de\/lindauer-fruchtgarten\/wp-json\/wp\/v2\/media\/10167"}],"wp:attachment":[{"href":"https:\/\/www.saefte-vom-bodensee.de\/lindauer-fruchtgarten\/wp-json\/wp\/v2\/media?parent=10158"}],"wp:term":[{"taxonomy":"category","embeddable":true,"href":"https:\/\/www.saefte-vom-bodensee.de\/lindauer-fruchtgarten\/wp-json\/wp\/v2\/categories?post=10158"},{"taxonomy":"post_tag","embeddable":true,"href":"https:\/\/www.saefte-vom-bodensee.de\/lindauer-fruchtgarten\/wp-json\/wp\/v2\/tags?post=10158"}],"curies":[{"name":"wp","href":"https:\/\/api.w.org\/{rel}","templated":true}]}}